{"id":27564,"date":"2025-05-02T13:23:00","date_gmt":"2025-05-02T17:23:00","guid":{"rendered":"https:\/\/www.ossoff.senate.gov\/?post_type=press-releases&#038;p=27564"},"modified":"2025-05-05T09:13:39","modified_gmt":"2025-05-05T13:13:39","slug":"el-senador-ossoff-alerta-sobre-el-riesgo-de-arresto-y-deportacion-injustificada-de-ciudadanos-estadounidenses","status":"publish","type":"press-releases","link":"https:\/\/www.ossoff.senate.gov\/es\/press-releases\/el-senador-ossoff-alerta-sobre-el-riesgo-de-arresto-y-deportacion-injustificada-de-ciudadanos-estadounidenses\/","title":{"rendered":"El Senador Ossoff Alerta Sobre el Riesgo de Arresto y Deportaci\u00f3n Injustificada de Ciudadanos Estadounidenses"},"content":{"rendered":"<p><strong>Washington, D.C<\/strong>. \u2014 El Senador de EE. UU. por Georgia, Jon Ossoff exige transparencia por parte de la administraci\u00f3n Trump para garantizar que los ciudadanos estadounidenses no sean encarcelados ni deportados injustamente mediante redadas migratorias.<\/p>\n\n\n\n<p>El Senador Ossoff est\u00e1 exigiendo respuestas de la secretaria del Departamento de Seguridad Nacional (DHS), Kristi Noem, sobre los arrestos de personas no identificadas por el Departamento durante las acciones de control migratorio.<\/p>\n\n\n\n<p>\u201cLa Orden Ejecutiva 14159 del presidente Trump aparentemente centra la aplicaci\u00f3n de las leyes migratorias en aquellos que &#8216;amenazan la seguridad del pueblo estadounidense&#8217;. Sin embargo, la pol\u00edtica de &#8216;arrestos colaterales&#8217; de la administraci\u00f3n parece ser tan agresiva que se ha detenido a familias enteras sin sospechas de ning\u00fan delito, e incluso a ciudadanos estadounidenses\u201d,&nbsp;<strong>escribi\u00f3 el Senador Ossoff a la secretaria del DHS, Noem.<\/strong>&nbsp;\u201cEstas t\u00e1cticas indiscriminadas son a\u00fan m\u00e1s alarmantes dada la negaci\u00f3n por parte de la Administraci\u00f3n del debido proceso legal a los sujetos de las acciones de deportaci\u00f3n y su abierto e ilegal desaf\u00edo a las \u00f3rdenes emitidas por jueces federales\u201d.<\/p>\n\n\n\n<p>Seg\u00fan un&nbsp;<a href=\"https:\/\/www.nbcnews.com\/news\/latino\/trump-immigration-raids-citizens-profiling-accusations-native-american-rcna189203\">informe de NBC News<\/a>&nbsp;a principios de este a\u00f1o, ciudadanos estadounidenses han sido blanco de redadas de la Administraci\u00f3n Trump como resultado de estas medidas.<\/p>\n\n\n\n<p>\u201cMe parece que es solo cuesti\u00f3n de tiempo antes de que un ciudadano estadounidense atrapado en una redada migratoria de la Administraci\u00f3n Trump termine deportado al infame CECOT del presidente salvadore\u00f1o Nayib Bukele\u201d,&nbsp;<strong>continu\u00f3 el Senador Ossoff.<\/strong><\/p>\n\n\n\n<p>El Senador Ossoff contin\u00faa trabajando para proteger los derechos y libertades civiles de los ciudadanos estadounidenses.<\/p>\n\n\n\n<p>El mes pasado, los Senadores Ossoff y Lisa Murkowski (republicana por Alaska)&nbsp;<a href=\"https:\/\/www.ossoff.senate.gov\/es\/press-releases\/sens-ossoff-murkowski-push-back-against-trump-order-targeting-immigrant-children\/\">advirtieron<\/a>&nbsp;al secretario del Departamento de Salud y Servicios Humanos (HHS) de EE. UU., Robert F. Kennedy Jr., que la&nbsp;<a href=\"https:\/\/apnews.com\/article\/trump-legal-aid-unaccompanied-children-immigration-court-127a69ce69573d2d16c72a74dacef3ab\">decisi\u00f3n de la Administraci\u00f3n Trump de poner fin a los servicios legales para menores no acompa\u00f1ados<\/a>&nbsp;los pone en riesgo de trata y explotaci\u00f3n, e instaron a que se restablezca la representaci\u00f3n legal.<\/p>\n\n\n\n<p>En febrero, el Senador Ossoff&nbsp;<a href=\"https:\/\/www.ossoff.senate.gov\/es\/press-releases\/sen-ossoff-blasts-trump-proposal-to-send-american-citizens-to-prisons-in-el-salvador\/\">presion\u00f3<\/a>&nbsp;al secretario de Estado de EE. UU., Marco Rubio, y a la fiscal general de EE. UU., Pam Bondi, para que rechazaran una oferta para encarcelar a ciudadanos estadounidenses y residentes legales en el peligroso sistema penitenciario de El Salvador.<\/p>\n\n\n\n<p>Haga&nbsp;<a href=\"https:\/\/www.ossoff.senate.gov\/wp-content\/uploads\/2025\/04\/25.04.23_Ossoff-Collateral-Arrests-Letter.pdf\">clic aqu\u00ed<\/a>&nbsp;para leer la consulta del Senador Ossoff con la secretaria del DHS, Kristi Noem.<\/p>\n\n\n\n<p class=\"has-text-align-center\"># # #<\/p>","protected":false},"excerpt":{"rendered":"<p>Washington, D.C. \u2014 El Senador de EE. UU. por Georgia, Jon Ossoff exige transparencia por parte de la administraci\u00f3n Trump para garantizar que los ciudadanos estadounidenses no sean encarcelados ni deportados injustamente mediante redadas migratorias. El Senador Ossoff est\u00e1 exigiendo respuestas de la secretaria del Departamento de Seguridad Nacional (DHS), Kristi Noem, sobre los arrestos [&hellip;]<\/p>","protected":false},"author":70,"featured_media":0,"template":"","meta":{"_acf_changed":false,"footnotes":""},"categories":[],"tags":[],"class_list":["post-27564","press-releases","type-press-releases","status-publish","hentry"],"acf":[],"_links":{"self":[{"href":"https:\/\/www.ossoff.senate.gov\/es\/wp-json\/wp\/v2\/press_releases\/27564","targetHints":{"allow":["GET"]}}],"collection":[{"href":"https:\/\/www.ossoff.senate.gov\/es\/wp-json\/wp\/v2\/press_releases"}],"about":[{"href":"https:\/\/www.ossoff.senate.gov\/es\/wp-json\/wp\/v2\/types\/press-releases"}],"author":[{"embeddable":true,"href":"https:\/\/www.ossoff.senate.gov\/es\/wp-json\/wp\/v2\/users\/70"}],"version-history":[{"count":1,"href":"https:\/\/www.ossoff.senate.gov\/es\/wp-json\/wp\/v2\/press_releases\/27564\/revisions"}],"predecessor-version":[{"id":27566,"href":"https:\/\/www.ossoff.senate.gov\/es\/wp-json\/wp\/v2\/press_releases\/27564\/revisions\/27566"}],"wp:attachment":[{"href":"https:\/\/www.ossoff.senate.gov\/es\/wp-json\/wp\/v2\/media?parent=27564"}],"wp:term":[{"taxonomy":"category","embeddable":true,"href":"https:\/\/www.ossoff.senate.gov\/es\/wp-json\/wp\/v2\/categories?post=27564"},{"taxonomy":"post_tag","embeddable":true,"href":"https:\/\/www.ossoff.senate.gov\/es\/wp-json\/wp\/v2\/tags?post=27564"}],"curies":[{"name":"wp","href":"https:\/\/api.w.org\/{rel}","templated":true}]}}